{"id":339,"date":"2020-05-18T10:41:26","date_gmt":"2020-05-18T08:41:26","guid":{"rendered":"http:\/\/degel.ejdg.fr\/?p=339"},"modified":"2021-06-09T10:39:10","modified_gmt":"2021-06-09T08:39:10","slug":"chapitre-2","status":"publish","type":"post","link":"http:\/\/degel.ejdg.fr\/?p=339","title":{"rendered":"Chapitre 6"},"content":{"rendered":"\n<h1 class=\"has-text-align-center wp-block-heading\">Art&rsquo;ique<\/h1>\n\n\n\n<h2 class=\"has-text-align-center wp-block-heading\"><em>Sensibiliser par l&rsquo;Art<\/em><\/h2>\n\n\n\n<p><\/p>\n\n\n\n<h3 class=\"has-text-align-center wp-block-heading\"><strong>Sommaire<\/strong><\/h3>\n\n\n\n<h4 class=\"has-text-align-center wp-block-heading\"><a href=\"#contenu1\">Biennale de Venise<\/a><\/h4>\n\n\n\n<h4 class=\"has-text-align-center wp-block-heading\"><a href=\"#contenu2\">Documentaire \u00ab\u00a0Montagnes en transition\u00a0\u00bb<\/a><\/h4>\n\n\n\n<h4 class=\"has-text-align-center wp-block-heading\"><a href=\"#contenu3\">Podcast : rencontre avec des com\u00e9diens<\/a><\/h4>\n\n\n\n<h4 class=\"has-text-align-center wp-block-heading\"><a href=\"#contenu4\">Des canettes pour la plan\u00e8te<\/a><\/h4>\n\n\n\n<h4 class=\"has-text-align-center wp-block-heading\" id=\"contenu1\"><a href=\"#contenu5\">Slide show : street art et \u00e9cologie<\/a><\/h4>\n\n\n\n<div id=\"contenu1\" class=\"wp-block-image\"><figure class=\"aligncenter size-large\"><img decoding=\"async\" loading=\"lazy\" width=\"199\" height=\"100\" src=\"http:\/\/degel.ejdg.fr\/wp-content\/uploads\/2021\/05\/separateur.png\" alt=\"\" class=\"wp-image-670\"\/><\/figure><\/div>\n\n\n\n<h2 class=\"wp-block-heading\" id=\"contenu1\">Biennale de Venise<\/h2>\n\n\n\n<p class=\"has-text-align-left\">En 2017, pendant la biennale de Venise, Lorenzo Quinn r\u00e9alise <em>Support,<\/em> une sculpture monumentale repr\u00e9sentant deux mains blanches sortant du Grand Canal et qui semblent tenir hors de l\u2019eau la fa\u00e7ade d\u2019un h\u00f4tel. Une \u0153uvre qui illustre de mani\u00e8re frappante le risque de la mont\u00e9e des eaux qui menace d\u2019engloutir la ville. \u00ab <em>J\u2019esp\u00e8re que mon \u0153uvre attirera l\u2019attention sur la catastrophe mondiale \u00e0 laquelle nous sommes confront\u00e9s<\/em> \u00bb, expliquait alors l\u2019artiste.&nbsp;<\/p>\n\n\n\n<p class=\"has-text-align-left\">L\u2019art est depuis toujours un moyen privil\u00e9gi\u00e9 d\u2019expression et de sensibilisation. Il permet parfois de se passer de mots et de dire le r\u00e9el ou de le mettre en sc\u00e8ne de mani\u00e8re plus percutante. Les probl\u00e9matiques environnementales ne font pas exception, bien au contraire. Dans les Alpes, le changement climatique et l&rsquo;impact de l\u2019homme sur l\u2019environnement sont particuli\u00e8rement visibles. Une r\u00e9alit\u00e9 qui n&rsquo;\u00e9chappe pas aux artistes locaux ou internationaux. Par la sculpture, le th\u00e9\u00e2tre, le documentaire ou encore le street art, chacun s&rsquo;approprie cette th\u00e9matique et tente de questionner, alerter,&nbsp; \u00e9mouvoir, ou transmettre l\u2019espoir d\u2019un changement qui s\u2019amorce lentement. Si certains se disent pessimistes et mettent en avant la r\u00e9alit\u00e9 inqui\u00e9tante de la situation, d\u2019autres privil\u00e9gient les solutions qui peuvent nous permettre de limiter les cons\u00e9quences de d\u00e9cennies d&rsquo;industrialisation et d\u2019exploitation parfois irraisonn\u00e9e de ce milieu naturel fragile.&nbsp;<\/p>\n\n\n\n<div class=\"wp-block-image\"><figure class=\"aligncenter size-large\"><img decoding=\"async\" loading=\"lazy\" width=\"620\" height=\"465\" src=\"http:\/\/degel.ejdg.fr\/wp-content\/uploads\/2021\/05\/image1-2.png\" alt=\"\" class=\"wp-image-758\" srcset=\"http:\/\/degel.ejdg.fr\/wp-content\/uploads\/2021\/05\/image1-2.png 620w, http:\/\/degel.ejdg.fr\/wp-content\/uploads\/2021\/05\/image1-2-300x225.png 300w\" sizes=\"(max-width: 620px) 100vw, 620px\" \/><figcaption>Lorenzo Quinn, Support, Biennale de Venise 2017. Photo Flickr\/Dimitris Kamaras<\/figcaption><\/figure><\/div>\n\n\n\n<div id=\"contenu2\" class=\"wp-block-image\"><figure class=\"aligncenter size-large\"><img decoding=\"async\" loading=\"lazy\" width=\"199\" height=\"100\" src=\"http:\/\/degel.ejdg.fr\/wp-content\/uploads\/2021\/05\/separateur.png\" alt=\"\" class=\"wp-image-670\"\/><\/figure><\/div>\n\n\n\n<h2 class=\"wp-block-heading\" id=\"contenu1\">Rencontre avec Olivier Lefebvre, <\/h2>\n\n\n\n<h2 class=\"wp-block-heading\" id=\"contenu1\">r\u00e9alisateur de \u00ab\u00a0Montagnes en transition\u00a0\u00bb<\/h2>\n\n\n\n<h4 class=\"wp-block-heading\"><strong>Olivier Lefebvre, photographe-vid\u00e9aste, a r\u00e9alis\u00e9 le mini-documentaire Montagnes en Transition. Un film r\u00e9alis\u00e9 en partenariat avec l&rsquo;association is\u00e9roise Mountain Wilderness, dont le but est de sensibiliser \u00e0 la d\u00e9gradation des espaces de montagne. Le r\u00e9alisateur esp\u00e8re ainsi apporter de nouvelles solutions pour appr\u00e9hender ces territoires, de mani\u00e8re durable et respectueuse de l&rsquo;environnement.<\/strong><\/h4>\n\n\n\n<figure class=\"wp-block-embed is-type-video is-provider-youtube wp-block-embed-youtube wp-embed-aspect-16-9 wp-has-aspect-ratio\"><div class=\"wp-block-embed__wrapper\">\n<iframe loading=\"lazy\" title=\"D\u00e9gel - chapitre 6 : sensibiliser par l&#039;art\" width=\"1060\" height=\"596\" src=\"https:\/\/www.youtube.com\/embed\/y2PpePV0GJI?feature=oembed\" frameborder=\"0\" allow=\"accelerometer; autoplay; clipboard-write; encrypted-media; gyroscope; picture-in-picture\" allowfullscreen><\/iframe>\n<\/div><\/figure>\n\n\n\n<div id=\"contenu3\" class=\"wp-block-image\"><figure class=\"aligncenter size-large\"><img decoding=\"async\" loading=\"lazy\" width=\"199\" height=\"100\" src=\"http:\/\/degel.ejdg.fr\/wp-content\/uploads\/2021\/05\/separateur.png\" alt=\"\" class=\"wp-image-670\"\/><\/figure><\/div>\n\n\n\n<h2 class=\"has-text-align-left wp-block-heading\" id=\"contenu2\"><strong>Des com\u00e9diens engag\u00e9s pour le climat: <\/strong><\/h2>\n\n\n\n<h2 class=\"has-text-align-left wp-block-heading\" id=\"contenu2\"><strong>rencontre avec Pamina de Coulon et Paul Nichilo&nbsp; &nbsp;<\/strong><\/h2>\n\n\n\n<h4 class=\"wp-block-heading\"><strong>Paul Nichilo et Pamina de Coulon sont com\u00e9diens, respectivement \u00e0 Grenoble et en Suisse. Si le premier cr\u00e9e des spectacles pour sensibiliser les enfants aux enjeux du tri des d\u00e9chets, la deuxi\u00e8me fait des performances d&rsquo;une heure o\u00f9 elle s&rsquo;exprime sur la crise climatique et son rapport au monde. Tous deux nous en disent plus sur le rapport \u00e0 l&rsquo;\u00e9cologie dans leur travail, au th\u00e9\u00e2tre.<\/strong><\/h4>\n\n\n\n<div class=\"wp-block-columns is-layout-flex wp-container-2\">\n<div class=\"wp-block-column is-layout-flow\">\n<iframe loading=\"lazy\" src=\"https:\/\/w.soundcloud.com\/player\/?url=https%3A\/\/api.soundcloud.com\/tracks\/1052979484&amp;color=%236b9bb4&amp;auto_play=false&amp;hide_related=false&amp;show_comments=true&amp;show_user=true&amp;show_reposts=false&amp;show_teaser=true\" width=\"100%\" height=\"166\" frameborder=\"no\" scrolling=\"no\"><\/iframe>\n<div style=\"font-size: 10px; color: #cccccc; line-break: anywhere; word-break: normal; overflow: hidden; white-space: nowrap; text-overflow: ellipsis; font-family: Interstate,Lucida Grande,Lucida Sans Unicode,Lucida Sans,Garuda,Verdana,Tahoma,sans-serif; font-weight: 100;\"><a style=\"color: #cccccc; text-decoration: none;\" title=\"D\u00e9gel\" href=\"https:\/\/soundcloud.com\/degel-ejdg\" target=\"_blank\" rel=\"noopener\">D\u00e9gel<\/a> \u00b7 <a style=\"color: #cccccc; text-decoration: none;\" title=\"Podcast : rencontre avec des com\u00e9diens\" href=\"https:\/\/soundcloud.com\/degel-ejdg\/podcast-rencontre-avec-des-comediens\" target=\"_blank\" rel=\"noopener\">Podcast : rencontre avec des com\u00e9diens<\/a><\/div>\n<\/div>\n<\/div>\n\n\n\n<div id=\"contenu4\" class=\"wp-block-image\"><figure class=\"aligncenter size-large\"><img decoding=\"async\" loading=\"lazy\" width=\"199\" height=\"100\" src=\"http:\/\/degel.ejdg.fr\/wp-content\/uploads\/2021\/05\/separateur.png\" alt=\"\" class=\"wp-image-670\"\/><\/figure><\/div>\n\n\n\n<h2 class=\"has-text-align-left wp-block-heading\" id=\"contenu3\"><strong><strong>Des canettes pour la plan\u00e8te&nbsp;<\/strong><\/strong><\/h2>\n\n\n\n<div class=\"wp-block-columns are-vertically-aligned-center is-layout-flex wp-container-5\">\n<div class=\"wp-block-column is-vertically-aligned-center is-layout-flow\" style=\"flex-basis:66.66%\">\n<h4 class=\"wp-block-heading\"><strong>La r\u00e9alit\u00e9 de notre impact sur l\u2019environnement n\u2019est pas toujours \u00e9vidente \u00e0 mesurer. Pour expliquer, alerter et faire bouger les lignes \u00e0 son \u00e9chelle, Patrice Raffin, artiste is\u00e9rois, a d\u00e9cid\u00e9 de s\u2019engager.&nbsp; Il d\u00e9coupe et assemble des petits bouts de canettes de soda pour cr\u00e9er des sculptures d\u2019animaux et sensibiliser le public \u00e0 la protection de l\u2019environnement.<\/strong><\/h4>\n\n\n\n<p><\/p>\n\n\n\n<p>\u00ab <em>L\u2019art partout et pour tous<\/em> \u00bb: c\u2019est ce que Patrice a fait inscrire sur le camion d\u00e9cor\u00e9 de son association \u00ab Crea\u2019can \u00bb (lien). Pour pr\u00e9senter son travail au plus grand nombre, il balade ses tableaux et ses sculptures \u00e0 travers la r\u00e9gion, expose dans les petites communes, intervient dans les \u00e9coles et les Ehpad. Patrice insiste sur sa volont\u00e9 de rendre l\u2019art plus accessible. \u00ab Il faut <em>enmener les expos l\u00e0 o\u00f9 l\u2019art ne vient pas \u00bb, explique-t-il. <\/em>Il est aujourd\u2019hui tr\u00e8s fier que son association soit reconnue d\u2019int\u00e9r\u00eat g\u00e9n\u00e9ral.<\/p>\n\n\n\n<p>Mais cet amateur d\u2019art populaire d\u00e9plore la dimension parfois trop marchande de ce secteur : \u00ab <em>L\u2019art peut avoir un c\u00f4t\u00e9 chiant, \u00e9litiste et d\u00e9connect\u00e9. Moi mon luxe, c\u2019est d\u2019\u00eatre lib\u00e9r\u00e9 de cette rentabilit\u00e9, je ne suis pas l\u00e0 pour faire de l\u2019argent <\/em>\u00bb. Il se m\u00e9fie aussi de l\u2019aspect opportuniste que peut prendre l\u2019art quand il s\u2019empare de la question climatique et environnementale. \u00ab <em>Ce sont des questions \u00e0 la mode, il ne faut pas oublier que certains sont l\u00e0 pour le profit<\/em> \u00bb, regrette-t-il.&nbsp;<\/p>\n<\/div>\n\n\n\n<div class=\"wp-block-column is-vertically-aligned-center is-layout-flow\" style=\"flex-basis:33.33%\">\n<div class=\"wp-block-image\"><figure class=\"aligncenter size-large is-resized\"><img decoding=\"async\" loading=\"lazy\" src=\"http:\/\/degel.ejdg.fr\/wp-content\/uploads\/2021\/05\/image2.png\" alt=\"\" class=\"wp-image-736\" width=\"238\" height=\"317\" srcset=\"http:\/\/degel.ejdg.fr\/wp-content\/uploads\/2021\/05\/image2.png 239w, http:\/\/degel.ejdg.fr\/wp-content\/uploads\/2021\/05\/image2-225x300.png 225w\" sizes=\"(max-width: 238px) 100vw, 238px\" \/><figcaption><em>Sculpture d&rsquo;un homme se tenant pr\u00e8s d&rsquo;une poubelle, par Patrice Raffin. Photo : Patrice Raffin<\/em><\/figcaption><\/figure><\/div>\n<\/div>\n<\/div>\n\n\n\n<div class=\"wp-block-columns is-layout-flex wp-container-9\">\n<div class=\"wp-block-column is-layout-flow\" style=\"flex-basis:100%\">\n<div class=\"wp-block-columns is-layout-flex wp-container-7\">\n<div class=\"wp-block-column is-layout-flow\" style=\"flex-basis:100%\">\n<h3 class=\"wp-block-heading\">Le d\u00e9clic<\/h3>\n\n\n\n<p>Le quotidien de Patrice bascule il y a 5 ans quand il apprend qu\u2019il est atteint d\u2019une anomalie cardiaque.Sa carri\u00e8re dans l\u2019industrie s\u2019arr\u00eate brusquement. \u00ab <em>Je me suis dit et maintenant on fait quoi ? Soit je deviens un parasite soit je fais ce que j\u2019ai toujours voulu faire, de l\u2019art avec mes mains<\/em> \u00bb. Quand il d\u00e9couvre le travail d\u2019un N\u00e9oz\u00e9landais qui sculpte de petites voitures \u00e0 partir de canettes recycl\u00e9es, c\u2019est le d\u00e9clic.<\/p>\n\n\n\n<p>Au prix d\u2019heures de mod\u00e9lisation, de d\u00e9coupe et d\u2019assemblage minutieux, il gagne en aisance et oriente son travail vers la question de l\u2019environnement et la pr\u00e9servation de la faune. \u00ab<em> C\u2019est une question \u00e0 laquelle j\u2019\u00e9tais sensible mais c\u2019est aussi parce que le c\u00f4t\u00e9 tr\u00e8s graphique et m\u00e9tallis\u00e9 des canettes se pr\u00eate bien aux sculptures d\u2019animaux <\/em>\u00bb. Dans son atelier, il donne vie \u00e0 diff\u00e9rentes esp\u00e8ces en voie d\u2019extinction. Des animaux des quatre coins du monde mais aussi des sp\u00e9cimens de la faune locale comme le bouquetin ou la tortue cistude qu\u2019il a r\u00e9alis\u00e9s dans le cadre d\u2019un projet avec le conseil d\u00e9partemental. \u00ab <em>Je veux que les gens se disent que c\u2019est quand m\u00eame beau et qu\u2019ils prennent conscience que certaines de ces esp\u00e8ces deviennent rares<\/em> \u00bb, explique-t-il.<\/p>\n<\/div>\n<\/div>\n<\/div>\n<\/div>\n\n\n\n<div class=\"wp-block-columns are-vertically-aligned-top is-layout-flex wp-container-12\">\n<div class=\"wp-block-column is-vertically-aligned-top is-layout-flow\">\n<h3 class=\"wp-block-heading\"><strong><strong>La force des image<\/strong><\/strong>s<\/h3>\n\n\n\n<p>Pour passer son message, ce sculpteur a choisi le poids des images et des repr\u00e9sentations<em>.&nbsp; \u00ab La force d\u2019une \u0153uvre, c\u2019est de ne pas avoir \u00e0 l\u2019expliquer, \u00e7a doit parler \u00e0 tout le monde<\/em> \u00bb. Face \u00e0 l\u2019urgence environnementale, <em>\u00ab notre soci\u00e9t\u00e9 est aveugle<\/em> \u00bb, estime-t-il. Un d\u00e9sint\u00e9r\u00eat et un d\u00e9ni qu\u2019il illustre dans l\u2019une de ses sculptures, Paul Hueur \u00bb. Elle montre un personnage qui se tient droit, les mains dans les poches, \u00e0 c\u00f4t\u00e9 d\u2019une poubelle et ignorant les canettes qui jonchent le sol.<\/p>\n\n\n\n<p>Dans une autre \u0153uvre, il illustre le r\u00e9chauffement climatique en fa\u00e7onnant la Terre sous la forme d\u2019une grenade : \u00ab <em>On vit sur une poudri\u00e8re, mettez un enfant en face de cette image et en 30 secondes, le message est pass\u00e9<\/em>. <em>L\u2019art est un chemin d\u00e9tourn\u00e9 pour le m\u00eame r\u00e9sultat, parfois \u00e7a marche mieux qu\u2019un long reportage<\/em>. <em>Je veux faire du ludique et de l\u2019utile<\/em> \u00bb.<\/p>\n\n\n\n<p>En plus du message de l\u2019\u0153uvre, la symbolique des canettes prend aussi tout son sens quand il s\u2019agit de parler de l\u2019environnement. Certains de ses travaux n\u00e9cessitent jusqu\u2019\u00e0 800 canettes. Pour r\u00e9unir cette mati\u00e8re premi\u00e8re, un vaste r\u00e9seau de r\u00e9cup\u00e9ration s\u2019est organis\u00e9 autour de son association. Des bacs de collecte de canettes ont \u00e9t\u00e9 install\u00e9s sur les \u00e9v\u00e8nements sportifs ou dans les entreprises sous un panneau indiquant : \u00ab <em>un geste pour l\u2019environnement, un geste pour l\u2019art<\/em> \u00bb.<\/p>\n<\/div>\n\n\n\n<div class=\"wp-block-column is-vertically-aligned-top is-layout-flow\">\n<figure class=\"wp-block-image size-large is-resized\"><img decoding=\"async\" loading=\"lazy\" src=\"http:\/\/degel.ejdg.fr\/wp-content\/uploads\/2021\/05\/image1.png\" alt=\"\" class=\"wp-image-734\" width=\"467\" height=\"492\"\/><figcaption><em>Sculpture d&rsquo;une t\u00eate de bouc en canettes par Patrice Raffin. Photos : Patrice Raffin<\/em><\/figcaption><\/figure>\n<\/div>\n<\/div>\n\n\n\n<div class=\"wp-block-columns is-layout-flex wp-container-14\">\n<div class=\"wp-block-column is-vertically-aligned-center is-layout-flow\" style=\"flex-basis:100%\">\n<h3 class=\"wp-block-heading\">Sensibiliser les plus jeunes<\/h3>\n\n\n\n<p>Patrice ne se d\u00e9finit ni comme un militant du climat ni comme un artiste engag\u00e9. \u00ab <em>J\u2019ai pris conscience tardivement de l\u2019importance des questions environnementales. Moi j\u2019avais 20 ans dans les ann\u00e9es 80, notre g\u00e9n\u00e9ration a fait n\u2019importe quoi. \u00bb <\/em>Un sentiment de culpabilit\u00e9 qui le pousse \u00e0 agir. Son travail est aujourd\u2019hui impr\u00e9gn\u00e9 de cette envie de transmettre cette conscience \u00e9cologique aux plus jeunes. \u00ab <em>J\u2019ai du temps que je veux mettre \u00e0 contribution pour les enfants, sensibiliser les plus jeunes, aller dans les \u00e9coles. Il y a tout un apprentissage \u00e0 faire sur les bons gestes pour pr\u00e9server l\u2019environnement et sauvegarder les animaux<\/em> \u00bb. C\u2019est tr\u00e8s symboliquement qu\u2019il a d\u00e9di\u00e9 et offert certaines de ses \u0153uvres \u00e0 son petit-fils : <em>\u00ab Aujourd\u2019hui je suis grand-p\u00e8re<\/em>. <em>Forc\u00e9ment, on pense au monde qu\u2019on laisse \u00e0 nos enfants. Et pour \u00eatre honn\u00eate je suis assez pessimiste, c\u2019est la peur qui me fait agir \u00bb<\/em>.<\/p>\n<\/div>\n<\/div>\n\n\n\n<p class=\"has-text-align-right\">&nbsp;<\/p>\n\n\n\n<div id=\"contenu5\" class=\"wp-block-image\"><figure class=\"aligncenter size-large\"><img decoding=\"async\" loading=\"lazy\" width=\"199\" height=\"100\" src=\"http:\/\/degel.ejdg.fr\/wp-content\/uploads\/2021\/05\/separateur.png\" alt=\"\" class=\"wp-image-670\"\/><\/figure><\/div>\n\n\n\n<h2 class=\"wp-block-heading\" id=\"contenu4\">Slide show \u00ab\u00a0Les yeux en l&rsquo;air\u00a0\u00bb : <\/h2>\n\n\n\n<h2 class=\"wp-block-heading\" id=\"contenu4\">parcours street art et \u00e9cologie<\/h2>\n\n\n\n<h4 class=\"wp-block-heading\"><strong>\u201cAu bout de chaque rue une montagne\u201d dit-on souvent pour parler de Grenoble. On pourrait ajouter qu\u2019au d\u00e9tour d\u2019un croisement, il est aussi possible de tomber nez \u00e0 nez avec de grandes fresques de Street Art. Depuis sa cr\u00e9ation en 2015 le Street Art Festival de Grenoble a permis \u00e0 des artistes du monde entier de s\u2019exprimer sur les murs de la ville. Parmi la multiplicit\u00e9 des styles et des repr\u00e9sentations, une th\u00e9matique a attir\u00e9 notre attention. L\u2019an pass\u00e9, l&rsquo;\u00e9dition \u201cr\u00e9silience\u201d a donn\u00e9 naissance \u00e0 des \u0153uvres engag\u00e9es pour le climat. Certaines, plus anciennes, s&rsquo;inscrivaient d\u00e9j\u00e0 dans cette d\u00e9marche de sensibilisation du grand public. Nous vous proposons un petit aper\u00e7u de sept de ces fresques,&nbsp; en images et en musique\u2026&nbsp;<\/strong><\/h4>\n\n\n\n<p><iframe loading=\"lazy\" title=\"D\u00e9gel - chapitre 6 : sensibiliser par l&#039;art\" width=\"1060\" height=\"596\" src=\"https:\/\/www.youtube.com\/embed\/XqJkn1OjfLQ?feature=oembed\" frameborder=\"0\" allow=\"accelerometer; autoplay; clipboard-write; encrypted-media; gyroscope; picture-in-picture\" allowfullscreen><\/iframe><\/p>\n\n\n\n<p><strong>Collapse:&nbsp;<\/strong> la fresque de l\u2019ours polaire, a \u00e9t\u00e9 r\u00e9alis\u00e9e en 2020 par le collectif italo-suisse NeverCrew. Une sorte de suite \u00e0 la d\u00e9sormais c\u00e9l\u00e8bre fresque des baleines intitul\u00e9e <strong>ordering machine<\/strong>, r\u00e9alis\u00e9e \u00e0 Grenoble quatre ans plus t\u00f4t par le m\u00eame duo. \u201c<em>On met en avant la dichotomie entre besoins et exploitation, entre appartenance et appropriation, pour rappeler la perception d\u00e9form\u00e9e que l&rsquo;humanit\u00e9 a de la nature. [&#8230;] L&rsquo;humanit\u00e9 d\u00e9truit de mani\u00e8re incoh\u00e9rente l\u2019environnement dont elle fait partie et qui lui permet d&rsquo;exister.\u201d<\/em>,peut-on lire sur le site du collectif. Par cette fresque, il souhaite d\u00e9noncer notre \u201c<em>perception erron\u00e9e du rapport avec la nature<\/em>\u201d.<\/p>\n\n\n\n<p><strong>A pale blue dot<\/strong>:&nbsp; Une fresque r\u00e9alis\u00e9e en 2020 par le street artiste chilien Inti Castro, en hommage \u00e0 Carl Sagan. Ce scientifique, romancier et astronome am\u00e9ricain est l\u2019auteur de plusieurs \u00e9crits sur la place de l\u2019Homme dans l\u2019univers : \u201c<em>Notre plan\u00e8te est une t\u00e2che solitaire dans la grande obscurit\u00e9 cosmique qui nous enveloppe. Dans notre obscurit\u00e9, dans toute cette immensit\u00e9, il n\u2019y a aucune certitude qu\u2019une aide viendra d\u2019ailleurs pour nous sauver de nous-m\u00eames<\/em>.\u201d L&rsquo;\u0153uvre d\u2019Inti, inspir\u00e9e par ces paroles, est empreinte de mysticisme et de cette id\u00e9e de fragilit\u00e9. Elle montre une jeune fille tenant la terre dans une main gant\u00e9e. Son titre rend hommage \u00e0 la photo de la terre prise en 1990 par Voyager 1 \u00e0 6,4 milliards de kilom\u00e8tres de distance.&nbsp;<\/p>\n\n\n\n<p><strong>Mise en garde <\/strong>de Sneck, \u00e0 \u00e9t\u00e9 r\u00e9alis\u00e9e pendant l\u2019\u00e9dition R\u00e9silience de 2020. Cette fresque met en sc\u00e8ne une bourrasque de vent balayant une feuille d\u2019arbre, orn\u00e9e d\u2019une mappemonde. Ainsi ballott\u00e9, notre monde appara\u00eet dans toute sa fragilit\u00e9. Le bleu choisi rappelle celui de l&rsquo;oc\u00e9an ou de l\u2019espace.&nbsp;<\/p>\n\n\n\n<p><strong>La tigresse rouge<\/strong> est une \u0153uvre du Grenoblois Marco Lallement. Fid\u00e8le \u00e0 son style v\u00e9g\u00e9tal, animalier et color\u00e9, ce street artiste a peint une tigresse aux teintes rouges cercl\u00e9es de fleurs. Ce Fauve au milieu de la jungle humaine \u00e0 aussi vu le jour pendant l\u2019\u00e9dition R\u00e9silience l\u2019an pass\u00e9. Le contraste qu\u2019elle offre au passant nous rappelle aussi l\u2019urgence de lutter contre l\u2019extinction de cette esp\u00e8ce.&nbsp;<\/p>\n\n\n\n<p class=\"has-text-align-right\"><strong>Jasmine Bousquet, Louna d&rsquo;Hallivill\u00e9e, Margot G\u00e9siot et L\u00e9a Bouvet<\/strong><\/p>\n\n\n\n<hr class=\"wp-block-separator\"\/>\n\n\n\n<p><em>L&rsquo;\u00e9quipe de D\u00e9gel vous remercie chaleureusement d&rsquo;avoir suivi ce projet.<\/em><\/p>\n","protected":false},"excerpt":{"rendered":"<p>Art&rsquo;ique Sensibiliser par l&rsquo;Art Sommaire Biennale de Venise Documentaire \u00ab\u00a0Montagnes en transition\u00a0\u00bb Podcast : rencontre avec des com\u00e9diens Des canettes pour la plan\u00e8te Slide show : street art et \u00e9cologie Biennale de Venise En 2017, pendant la biennale de Venise, Lorenzo Quinn r\u00e9alise Support, une&#8230;<\/p>\n","protected":false},"author":10,"featured_media":528,"comment_status":"open","ping_status":"open","sticky":false,"template":"","format":"standard","meta":[],"categories":[1],"tags":[],"uagb_featured_image_src":{"full":["http:\/\/degel.ejdg.fr\/wp-content\/uploads\/2020\/05\/carre-texte-06.jpg",647,647,false],"thumbnail":["http:\/\/degel.ejdg.fr\/wp-content\/uploads\/2020\/05\/carre-texte-06-150x150.jpg",150,150,true],"medium":["http:\/\/degel.ejdg.fr\/wp-content\/uploads\/2020\/05\/carre-texte-06-300x300.jpg",300,300,true],"medium_large":["http:\/\/degel.ejdg.fr\/wp-content\/uploads\/2020\/05\/carre-texte-06.jpg",647,647,false],"large":["http:\/\/degel.ejdg.fr\/wp-content\/uploads\/2020\/05\/carre-texte-06.jpg",647,647,false],"1536x1536":["http:\/\/degel.ejdg.fr\/wp-content\/uploads\/2020\/05\/carre-texte-06.jpg",647,647,false],"2048x2048":["http:\/\/degel.ejdg.fr\/wp-content\/uploads\/2020\/05\/carre-texte-06.jpg",647,647,false],"portfolio-square":["http:\/\/degel.ejdg.fr\/wp-content\/uploads\/2020\/05\/carre-texte-06-570x570.jpg",570,570,true],"portfolio-portrait":["http:\/\/degel.ejdg.fr\/wp-content\/uploads\/2020\/05\/carre-texte-06-600x647.jpg",600,647,true],"portfolio-landscape":["http:\/\/degel.ejdg.fr\/wp-content\/uploads\/2020\/05\/carre-texte-06-647x600.jpg",647,600,true],"menu-featured-post":["http:\/\/degel.ejdg.fr\/wp-content\/uploads\/2020\/05\/carre-texte-06-345x198.jpg",345,198,true],"qode-carousel_slider":["http:\/\/degel.ejdg.fr\/wp-content\/uploads\/2020\/05\/carre-texte-06-400x260.jpg",400,260,true],"portfolio_slider":["http:\/\/degel.ejdg.fr\/wp-content\/uploads\/2020\/05\/carre-texte-06-500x380.jpg",500,380,true],"portfolio_masonry_regular":["http:\/\/degel.ejdg.fr\/wp-content\/uploads\/2020\/05\/carre-texte-06-500x500.jpg",500,500,true],"portfolio_masonry_wide":["http:\/\/degel.ejdg.fr\/wp-content\/uploads\/2020\/05\/carre-texte-06-647x500.jpg",647,500,true],"portfolio_masonry_tall":["http:\/\/degel.ejdg.fr\/wp-content\/uploads\/2020\/05\/carre-texte-06-500x647.jpg",500,647,true],"portfolio_masonry_large":["http:\/\/degel.ejdg.fr\/wp-content\/uploads\/2020\/05\/carre-texte-06.jpg",647,647,false],"portfolio_masonry_with_space":["http:\/\/degel.ejdg.fr\/wp-content\/uploads\/2020\/05\/carre-texte-06.jpg",647,647,false],"latest_post_boxes":["http:\/\/degel.ejdg.fr\/wp-content\/uploads\/2020\/05\/carre-texte-06-539x303.jpg",539,303,true],"qi_addons_for_elementor_image_size_square":["http:\/\/degel.ejdg.fr\/wp-content\/uploads\/2020\/05\/carre-texte-06.jpg",647,647,false],"qi_addons_for_elementor_image_size_landscape":["http:\/\/degel.ejdg.fr\/wp-content\/uploads\/2020\/05\/carre-texte-06.jpg",647,647,false],"qi_addons_for_elementor_image_size_portrait":["http:\/\/degel.ejdg.fr\/wp-content\/uploads\/2020\/05\/carre-texte-06.jpg",647,647,false],"qi_addons_for_elementor_image_size_huge-square":["http:\/\/degel.ejdg.fr\/wp-content\/uploads\/2020\/05\/carre-texte-06.jpg",647,647,false]},"uagb_author_info":{"display_name":"Jasmine Bousquet","author_link":"http:\/\/degel.ejdg.fr\/?author=10"},"uagb_comment_info":1,"uagb_excerpt":"Art&rsquo;ique Sensibiliser par l&rsquo;Art Sommaire Biennale de Venise Documentaire \u00ab\u00a0Montagnes en transition\u00a0\u00bb Podcast : rencontre avec des com\u00e9diens Des canettes pour la plan\u00e8te Slide show : street art et \u00e9cologie Biennale de Venise En 2017, pendant la biennale de Venise, Lorenzo Quinn r\u00e9alise Support, une...","_links":{"self":[{"href":"http:\/\/degel.ejdg.fr\/index.php?rest_route=\/wp\/v2\/posts\/339"}],"collection":[{"href":"http:\/\/degel.ejdg.fr\/index.php?rest_route=\/wp\/v2\/posts"}],"about":[{"href":"http:\/\/degel.ejdg.fr\/index.php?rest_route=\/wp\/v2\/types\/post"}],"author":[{"embeddable":true,"href":"http:\/\/degel.ejdg.fr\/index.php?rest_route=\/wp\/v2\/users\/10"}],"replies":[{"embeddable":true,"href":"http:\/\/degel.ejdg.fr\/index.php?rest_route=%2Fwp%2Fv2%2Fcomments&post=339"}],"version-history":[{"count":55,"href":"http:\/\/degel.ejdg.fr\/index.php?rest_route=\/wp\/v2\/posts\/339\/revisions"}],"predecessor-version":[{"id":1546,"href":"http:\/\/degel.ejdg.fr\/index.php?rest_route=\/wp\/v2\/posts\/339\/revisions\/1546"}],"wp:featuredmedia":[{"embeddable":true,"href":"http:\/\/degel.ejdg.fr\/index.php?rest_route=\/wp\/v2\/media\/528"}],"wp:attachment":[{"href":"http:\/\/degel.ejdg.fr\/index.php?rest_route=%2Fwp%2Fv2%2Fmedia&parent=339"}],"wp:term":[{"taxonomy":"category","embeddable":true,"href":"http:\/\/degel.ejdg.fr\/index.php?rest_route=%2Fwp%2Fv2%2Fcategories&post=339"},{"taxonomy":"post_tag","embeddable":true,"href":"http:\/\/degel.ejdg.fr\/index.php?rest_route=%2Fwp%2Fv2%2Ftags&post=339"}],"curies":[{"name":"wp","href":"https:\/\/api.w.org\/{rel}","templated":true}]}}